{"id":280,"date":"2018-03-10T18:52:31","date_gmt":"2018-03-10T17:52:31","guid":{"rendered":"http:\/\/gmp-nantes.com\/?p=280"},"modified":"2019-01-08T11:24:55","modified_gmt":"2019-01-08T10:24:55","slug":"samy-hadj-rabia-radio-com","status":"publish","type":"post","link":"https:\/\/gmp-nantes.com\/index.php\/2018\/03\/10\/samy-hadj-rabia-radio-com\/","title":{"rendered":"Samy Hadj-Rabia : \u00ab\u00a0Radio Com'\u00a0\u00bb"},"content":{"rendered":"<p>Durant ce d\u00e9bat radiophonique nous avons \u00e9chang\u00e9 sur la reconversion \u00e9nerg\u00e9tique fran\u00e7aise, des \u00e9nergies fossiles vers les \u00e9nergies renouvelables. Les deux parties ont expos\u00e9 des arguments pr\u00e9cis, \u00e9nerg\u00e9tiques mais aussi \u00e9conomiques, menant \u00e0 la conclusion suivante\u00a0: il est aujourd\u2019hui impossible d\u2019effectuer une transition directe entre ces deux types d\u2019\u00e9nergie. En effet il faudra du temps et des investissements importants pour que le pays devienne autosuffisant en \u00e9nergie renouvelable.<\/p>\n<p><u>Scientifique\u00a0:<\/u> M. PICOU Herv\u00e9 (BARON Ma\u00ebl). Docteur, th\u00e8se sur l\u2019impact environnemental des centrales nucl\u00e9aires.<\/p>\n<p><u>Politicien<\/u>\u00a0: PUCQUES Dominique (PASQUIER Adrien). Grande figure du Front National en opposition avec le ministre Nicolas Hulot.<\/p>\n<p><u>Citoyen<\/u>\u00a0: DURAND Dominique (FAVRE Baptiste). Ancien ouvrier EDF, licenci\u00e9 pour r\u00e9duction d\u2019effectif. Reconversion vers l\u2019agro \u00e9cologie et les \u00e9nergies renouvelables<\/p>\n<p><u>Industriel<\/u>\u00a0: MOULAIS Jean-Rachid (PICHON Elouan). PDG de BP, entreprise centr\u00e9e sur l\u2019\u00e9nergie nucl\u00e9aire.<\/p>\n<!--[if lt IE 9]><script>document.createElement('audio');<\/script><![endif]-->\n<audio class=\"wp-audio-shortcode\" id=\"audio-280-1\" preload=\"none\" style=\"width: 100%;\" controls=\"controls\"><source type=\"audio\/mpeg\" src=\"https:\/\/gmp-nantes.com\/wp-content\/uploads\/2018\/03\/Samy_Hadj_Rabia.mp3?_=1\" \/><a href=\"https:\/\/gmp-nantes.com\/wp-content\/uploads\/2018\/03\/Samy_Hadj_Rabia.mp3\">https:\/\/gmp-nantes.com\/wp-content\/uploads\/2018\/03\/Samy_Hadj_Rabia.mp3<\/a><\/audio>\n","protected":false},"excerpt":{"rendered":"<p>Durant ce d\u00e9bat radiophonique nous avons \u00e9chang\u00e9 sur la reconversion \u00e9nerg\u00e9tique fran\u00e7aise, des \u00e9nergies fossiles vers les \u00e9nergies renouvelables. Les deux parties ont expos\u00e9 des arguments pr\u00e9cis, \u00e9nerg\u00e9tiques mais aussi \u00e9conomiques, menant \u00e0 la conclusion suivante\u00a0: il est aujourd\u2019hui impossible d\u2019effectuer une transition directe entre ces deux types d\u2019\u00e9nergie. En effet il faudra du temps [&hellip;]<\/p>\n","protected":false},"author":1,"featured_media":283,"comment_status":"closed","ping_status":"closed","sticky":false,"template":"","format":"standard","meta":{"_et_pb_use_builder":"","_et_pb_old_content":"","_et_gb_content_width":"","footnotes":""},"categories":[11],"tags":[],"_links":{"self":[{"href":"https:\/\/gmp-nantes.com\/index.php\/wp-json\/wp\/v2\/posts\/280"}],"collection":[{"href":"https:\/\/gmp-nantes.com\/index.php\/wp-json\/wp\/v2\/posts"}],"about":[{"href":"https:\/\/gmp-nantes.com\/index.php\/wp-json\/wp\/v2\/types\/post"}],"author":[{"embeddable":true,"href":"https:\/\/gmp-nantes.com\/index.php\/wp-json\/wp\/v2\/users\/1"}],"replies":[{"embeddable":true,"href":"https:\/\/gmp-nantes.com\/index.php\/wp-json\/wp\/v2\/comments?post=280"}],"version-history":[{"count":1,"href":"https:\/\/gmp-nantes.com\/index.php\/wp-json\/wp\/v2\/posts\/280\/revisions"}],"predecessor-version":[{"id":288,"href":"https:\/\/gmp-nantes.com\/index.php\/wp-json\/wp\/v2\/posts\/280\/revisions\/288"}],"wp:featuredmedia":[{"embeddable":true,"href":"https:\/\/gmp-nantes.com\/index.php\/wp-json\/wp\/v2\/media\/283"}],"wp:attachment":[{"href":"https:\/\/gmp-nantes.com\/index.php\/wp-json\/wp\/v2\/media?parent=280"}],"wp:term":[{"taxonomy":"category","embeddable":true,"href":"https:\/\/gmp-nantes.com\/index.php\/wp-json\/wp\/v2\/categories?post=280"},{"taxonomy":"post_tag","embeddable":true,"href":"https:\/\/gmp-nantes.com\/index.php\/wp-json\/wp\/v2\/tags?post=280"}],"curies":[{"name":"wp","href":"https:\/\/api.w.org\/{rel}","templated":true}]}}